{"id":2008,"date":"2026-08-28T16:23:49","date_gmt":"2026-08-28T14:23:49","guid":{"rendered":"https:\/\/the-home.berlin\/?p=2008"},"modified":"2026-08-28T16:23:50","modified_gmt":"2026-08-28T14:23:50","slug":"ich-freu-mich-auf-jeden-tag-weil-ich-es-kann","status":"publish","type":"post","link":"https:\/\/the-home.berlin\/index.php\/2026\/08\/28\/ich-freu-mich-auf-jeden-tag-weil-ich-es-kann\/","title":{"rendered":"Ich freu mich auf jeden Tag, weil ich es kann"},"content":{"rendered":"\n<p class=\"wp-block-paragraph\">Ich freu mich auf jeden Tag.<\/p>\n\n\n\n<p class=\"wp-block-paragraph\">Nicht, weil jeder Tag sch\u00f6n wird.<\/p>\n\n\n\n<p class=\"wp-block-paragraph\">Nicht, weil immer alles glatt l\u00e4uft.<\/p>\n\n\n\n<p class=\"wp-block-paragraph\">Es gibt schlechte Tage.<\/p>\n\n\n\n<p class=\"wp-block-paragraph\">Voller \u00c4rger.<\/p>\n\n\n\n<p class=\"wp-block-paragraph\">Sorgen.<\/p>\n\n\n\n<p class=\"wp-block-paragraph\">Entt\u00e4uschungen.<\/p>\n\n\n\n<p class=\"wp-block-paragraph\">Schmerzen.<\/p>\n\n\n\n<p class=\"wp-block-paragraph\">Niederlagen.<\/p>\n\n\n\n<p class=\"wp-block-paragraph\">Ungewissheit.<\/p>\n\n\n\n<p class=\"wp-block-paragraph\">Trotzdem birgt der n\u00e4chste Morgen einen neuen Anfang.<\/p>\n\n\n\n<p class=\"wp-block-paragraph\">Und jeder neue Tag schenkt mir mehr Zeit.<\/p>\n\n\n\n<p class=\"wp-block-paragraph\">F\u00fcr Menschen.<\/p>\n\n\n\n<p class=\"wp-block-paragraph\">F\u00fcr Gedanken.<\/p>\n\n\n\n<p class=\"wp-block-paragraph\">F\u00fcr Ideen.<\/p>\n\n\n\n<p class=\"wp-block-paragraph\">F\u00fcr Erfahrungen.<\/p>\n\n\n\n<p class=\"wp-block-paragraph\">F\u00fcr Fehler.<\/p>\n\n\n\n<p class=\"wp-block-paragraph\">F\u00fcr Ver\u00e4nderungen.<\/p>\n\n\n\n<p class=\"wp-block-paragraph\">Zeit f\u00fcrs Leben.<\/p>\n\n\n\n<p class=\"wp-block-paragraph\">Lebenszeit.<\/p>\n\n\n\n<p class=\"wp-block-paragraph\">Wie der neue Tag wird, wei\u00df ich nicht.<\/p>\n\n\n\n<p class=\"wp-block-paragraph\">Vielleicht wird er gro\u00dfartig.<\/p>\n\n\n\n<p class=\"wp-block-paragraph\">Vielleicht wird er beschissen.<\/p>\n\n\n\n<p class=\"wp-block-paragraph\">Vielleicht einfach nur ganz gew\u00f6hnlich.<\/p>\n\n\n\n<p class=\"wp-block-paragraph\">Aber er ist da.<\/p>\n\n\n\n<p class=\"wp-block-paragraph\">Und ich auch.<\/p>\n\n\n\n<p class=\"wp-block-paragraph\">Ich freu mich auf jeden Tag.<\/p>\n\n\n\n<p class=\"wp-block-paragraph\">Weil ich es kann.<\/p>\n","protected":false},"excerpt":{"rendered":"<p>Ich freu mich auf jeden Tag. Nicht, weil jeder Tag sch\u00f6n wird. Nicht, weil immer alles glatt l\u00e4uft. Es gibt schlechte Tage. Voller \u00c4rger. Sorgen. Entt\u00e4uschungen. Schmerzen. Niederlagen. Ungewissheit. Trotzdem birgt der n\u00e4chste Morgen einen neuen Anfang. Und jeder neue Tag schenkt mir mehr Zeit. F\u00fcr Menschen. F\u00fcr Gedanken. F\u00fcr Ideen. F\u00fcr Erfahrungen. F\u00fcr Fehler. &hellip; <a href=\"https:\/\/the-home.berlin\/index.php\/2026\/08\/28\/ich-freu-mich-auf-jeden-tag-weil-ich-es-kann\/\" class=\"more-link\"><span class=\"screen-reader-text\">\u201eIch freu mich auf jeden Tag, weil ich es kann\u201c <\/span>weiterlesen<\/a><\/p>\n","protected":false},"author":1,"featured_media":2009,"comment_status":"closed","ping_status":"open","sticky":false,"template":"","format":"standard","meta":{"_acf_changed":false,"footnotes":"","_members_access_role":[],"_members_access_error":""},"categories":[70],"tags":[143,140,141,142],"class_list":["post-2008","post","type-post","status-publish","format-standard","has-post-thumbnail","hentry","category-homeblog","tag-anfang","tag-lebenszeit","tag-neuer","tag-tag"],"acf":[],"_links":{"self":[{"href":"https:\/\/the-home.berlin\/index.php\/wp-json\/wp\/v2\/posts\/2008","targetHints":{"allow":["GET"]}}],"collection":[{"href":"https:\/\/the-home.berlin\/index.php\/wp-json\/wp\/v2\/posts"}],"about":[{"href":"https:\/\/the-home.berlin\/index.php\/wp-json\/wp\/v2\/types\/post"}],"author":[{"embeddable":true,"href":"https:\/\/the-home.berlin\/index.php\/wp-json\/wp\/v2\/users\/1"}],"replies":[{"embeddable":true,"href":"https:\/\/the-home.berlin\/index.php\/wp-json\/wp\/v2\/comments?post=2008"}],"version-history":[{"count":1,"href":"https:\/\/the-home.berlin\/index.php\/wp-json\/wp\/v2\/posts\/2008\/revisions"}],"predecessor-version":[{"id":2010,"href":"https:\/\/the-home.berlin\/index.php\/wp-json\/wp\/v2\/posts\/2008\/revisions\/2010"}],"wp:featuredmedia":[{"embeddable":true,"href":"https:\/\/the-home.berlin\/index.php\/wp-json\/wp\/v2\/media\/2009"}],"wp:attachment":[{"href":"https:\/\/the-home.berlin\/index.php\/wp-json\/wp\/v2\/media?parent=2008"}],"wp:term":[{"taxonomy":"category","embeddable":true,"href":"https:\/\/the-home.berlin\/index.php\/wp-json\/wp\/v2\/categories?post=2008"},{"taxonomy":"post_tag","embeddable":true,"href":"https:\/\/the-home.berlin\/index.php\/wp-json\/wp\/v2\/tags?post=2008"}],"curies":[{"name":"wp","href":"https:\/\/api.w.org\/{rel}","templated":true}]}}